{"id":3397,"date":"2024-04-18T17:12:00","date_gmt":"2024-04-18T16:12:00","guid":{"rendered":"https:\/\/www.worldheritageireland.ie\/?post_type=news-and-events&#038;p=3397"},"modified":"2025-07-31T10:31:03","modified_gmt":"2025-07-31T09:31:03","slug":"facilitator-appointed-to-lead-newly-established-bru-na-boinne-community-heritage-forum","status":"publish","type":"news-and-events","link":"https:\/\/www.worldheritageireland.ie\/ga\/news-and-events\/facilitator-appointed-to-lead-newly-established-bru-na-boinne-community-heritage-forum\/","title":{"rendered":"Facilitator appointed to lead newly established Br\u00fa na B\u00f3inne Community Heritage Forum"},"excerpt":{"rendered":"<p>To mark World heritage Day 2024 the National Monuments Service is announcing the establishment of a Br\u00fa na B\u00f3inne Community Heritage Forum with the appointment of Ms Mona O\u2019Rourke as lead facilitator for the project. The forum will enable the community to be more involved in making decisions about the management, presentation, interpretation and conservation of the site and will help them become stewards of this World Heritage property.<\/p>\n","protected":false},"template":"","meta":{"_acf_changed":false,"_uag_custom_page_level_css":"","site-sidebar-layout":"default","site-content-layout":"","ast-site-content-layout":"default","site-content-style":"default","site-sidebar-style":"default","ast-global-header-display":"","ast-banner-title-visibility":"","ast-main-header-display":"","ast-hfb-above-header-display":"","ast-hfb-below-header-display":"","ast-hfb-mobile-header-display":"","site-post-title":"","ast-breadcrumbs-content":"","ast-featured-img":"","footer-sml-layout":"","ast-disable-related-posts":"","theme-transparent-header-meta":"default","adv-header-id-meta":"","stick-header-meta":"","header-above-stick-meta":"","header-main-stick-meta":"","header-below-stick-meta":"","astra-migrate-meta-layouts":"set","ast-page-background-enabled":"default","ast-page-background-meta":{"desktop":{"background-color":"var(--ast-global-color-4)","background-image":"","background-repeat":"repeat","background-position":"center center","background-size":"auto","background-attachment":"scroll","background-type":"","background-media":"","overlay-type":"","overlay-color":"","overlay-opacity":"","overlay-gradient":""},"tablet":{"background-color":"","background-image":"","background-repeat":"repeat","background-position":"center center","background-size":"auto","background-attachment":"scroll","background-type":"","background-media":"","overlay-type":"","overlay-color":"","overlay-opacity":"","overlay-gradient":""},"mobile":{"background-color":"","background-image":"","background-repeat":"repeat","background-position":"center center","background-size":"auto","background-attachment":"scroll","background-type":"","background-media":"","overlay-type":"","overlay-color":"","overlay-opacity":"","overlay-gradient":""}},"ast-content-background-meta":{"desktop":{"background-color":"var(--ast-global-color-5)","background-image":"","background-repeat":"repeat","background-position":"center center","background-size":"auto","background-attachment":"scroll","background-type":"","background-media":"","overlay-type":"","overlay-color":"","overlay-opacity":"","overlay-gradient":""},"tablet":{"background-color":"var(--ast-global-color-5)","background-image":"","background-repeat":"repeat","background-position":"center center","background-size":"auto","background-attachment":"scroll","background-type":"","background-media":"","overlay-type":"","overlay-color":"","overlay-opacity":"","overlay-gradient":""},"mobile":{"background-color":"var(--ast-global-color-5)","background-image":"","background-repeat":"repeat","background-position":"center center","background-size":"auto","background-attachment":"scroll","background-type":"","background-media":"","overlay-type":"","overlay-color":"","overlay-opacity":"","overlay-gradient":""}},"pgc_sgb_lightbox_settings":""},"categories":[],"tags":[],"class_list":["post-3397","news-and-events","type-news-and-events","status-publish","hentry"],"acf":[],"yoast_head":"<!-- This site is optimized with the Yoast SEO plugin v27.5 - https:\/\/yoast.com\/product\/yoast-seo-wordpress\/ -->\n<title>Facilitator appointed to lead newly established Br\u00fa na B\u00f3inne Community Heritage Forum - Oidhreacht Dhomhanda na h\u00c9ireann<\/title>\n<meta name=\"robots\" content=\"index, follow, max-snippet:-1, max-image-preview:large, max-video-preview:-1\" \/>\n<link rel=\"canonical\" href=\"https:\/\/www.worldheritageireland.ie\/ga\/news-and-events\/facilitator-appointed-to-lead-newly-established-bru-na-boinne-community-heritage-forum\/\" \/>\n<meta property=\"og:locale\" content=\"ga_IE\" \/>\n<meta property=\"og:type\" content=\"article\" \/>\n<meta property=\"og:title\" content=\"Facilitator appointed to lead newly established Br\u00fa na B\u00f3inne Community Heritage Forum - Oidhreacht Dhomhanda na h\u00c9ireann\" \/>\n<meta property=\"og:description\" content=\"To mark World heritage Day 2024 the National Monuments Service is announcing the establishment of a Br\u00fa na B\u00f3inne Community Heritage Forum with the appointment of Ms Mona O\u2019Rourke as lead facilitator for the project. The forum will enable the community to be more involved in making decisions about the management, presentation, interpretation and conservation of the site and will help them become stewards of this World Heritage property.\" \/>\n<meta property=\"og:url\" content=\"https:\/\/www.worldheritageireland.ie\/ga\/news-and-events\/facilitator-appointed-to-lead-newly-established-bru-na-boinne-community-heritage-forum\/\" \/>\n<meta property=\"og:site_name\" content=\"Oidhreacht Dhomhanda na h\u00c9ireann\" \/>\n<meta property=\"article:publisher\" content=\"https:\/\/www.facebook.com\/NationalMons\/\" \/>\n<meta property=\"article:modified_time\" content=\"2025-07-31T09:31:03+00:00\" \/>\n<meta name=\"twitter:card\" content=\"summary_large_image\" \/>\n<meta name=\"twitter:site\" content=\"@NationalMons\" \/>\n<script type=\"application\/ld+json\" class=\"yoast-schema-graph\">{\"@context\":\"https:\\\/\\\/schema.org\",\"@graph\":[{\"@type\":\"WebPage\",\"@id\":\"https:\\\/\\\/www.worldheritageireland.ie\\\/ga\\\/news-and-events\\\/facilitator-appointed-to-lead-newly-established-bru-na-boinne-community-heritage-forum\\\/\",\"url\":\"https:\\\/\\\/www.worldheritageireland.ie\\\/ga\\\/news-and-events\\\/facilitator-appointed-to-lead-newly-established-bru-na-boinne-community-heritage-forum\\\/\",\"name\":\"Facilitator appointed to lead newly established Br\u00fa na B\u00f3inne Community Heritage Forum - Oidhreacht Dhomhanda na h\u00c9ireann\",\"isPartOf\":{\"@id\":\"https:\\\/\\\/www.worldheritageireland.ie\\\/ga\\\/#website\"},\"datePublished\":\"2024-04-18T16:12:00+00:00\",\"dateModified\":\"2025-07-31T09:31:03+00:00\",\"breadcrumb\":{\"@id\":\"https:\\\/\\\/www.worldheritageireland.ie\\\/ga\\\/news-and-events\\\/facilitator-appointed-to-lead-newly-established-bru-na-boinne-community-heritage-forum\\\/#breadcrumb\"},\"inLanguage\":\"ga-IE\",\"potentialAction\":[{\"@type\":\"ReadAction\",\"target\":[\"https:\\\/\\\/www.worldheritageireland.ie\\\/ga\\\/news-and-events\\\/facilitator-appointed-to-lead-newly-established-bru-na-boinne-community-heritage-forum\\\/\"]}]},{\"@type\":\"BreadcrumbList\",\"@id\":\"https:\\\/\\\/www.worldheritageireland.ie\\\/ga\\\/news-and-events\\\/facilitator-appointed-to-lead-newly-established-bru-na-boinne-community-heritage-forum\\\/#breadcrumb\",\"itemListElement\":[{\"@type\":\"ListItem\",\"position\":1,\"name\":\"Home\",\"item\":\"https:\\\/\\\/www.worldheritageireland.ie\\\/ga\\\/\"},{\"@type\":\"ListItem\",\"position\":2,\"name\":\"Facilitator appointed to lead newly established Br\u00fa na B\u00f3inne Community Heritage Forum\"}]},{\"@type\":\"WebSite\",\"@id\":\"https:\\\/\\\/www.worldheritageireland.ie\\\/ga\\\/#website\",\"url\":\"https:\\\/\\\/www.worldheritageireland.ie\\\/ga\\\/\",\"name\":\"Oidhreacht Dhomhanda na h\u00c9ireann\",\"description\":\"Ireland&#039;s Tentative World Heritage\",\"publisher\":{\"@id\":\"https:\\\/\\\/www.worldheritageireland.ie\\\/ga\\\/#organization\"},\"potentialAction\":[{\"@type\":\"SearchAction\",\"target\":{\"@type\":\"EntryPoint\",\"urlTemplate\":\"https:\\\/\\\/www.worldheritageireland.ie\\\/ga\\\/?s={search_term_string}\"},\"query-input\":{\"@type\":\"PropertyValueSpecification\",\"valueRequired\":true,\"valueName\":\"search_term_string\"}}],\"inLanguage\":\"ga-IE\"},{\"@type\":\"Organization\",\"@id\":\"https:\\\/\\\/www.worldheritageireland.ie\\\/ga\\\/#organization\",\"name\":\"Department of Housing, Local Government and Heritage\",\"url\":\"https:\\\/\\\/www.worldheritageireland.ie\\\/ga\\\/\",\"logo\":{\"@type\":\"ImageObject\",\"inLanguage\":\"ga-IE\",\"@id\":\"https:\\\/\\\/www.worldheritageireland.ie\\\/ga\\\/#\\\/schema\\\/logo\\\/image\\\/\",\"url\":\"https:\\\/\\\/www.worldheritageireland.ie\\\/wp-content\\\/uploads\\\/2023\\\/07\\\/unesco_wh_in_Ireland_Blue_180_trans.png\",\"contentUrl\":\"https:\\\/\\\/www.worldheritageireland.ie\\\/wp-content\\\/uploads\\\/2023\\\/07\\\/unesco_wh_in_Ireland_Blue_180_trans.png\",\"width\":181,\"height\":181,\"caption\":\"Department of Housing, Local Government and Heritage\"},\"image\":{\"@id\":\"https:\\\/\\\/www.worldheritageireland.ie\\\/ga\\\/#\\\/schema\\\/logo\\\/image\\\/\"},\"sameAs\":[\"https:\\\/\\\/www.facebook.com\\\/NationalMons\\\/\",\"https:\\\/\\\/x.com\\\/NationalMons\"]}]}<\/script>\n<!-- \/ Yoast SEO plugin. -->","yoast_head_json":{"title":"Facilitator appointed to lead newly established Br\u00fa na B\u00f3inne Community Heritage Forum - Oidhreacht Dhomhanda na h\u00c9ireann","robots":{"index":"index","follow":"follow","max-snippet":"max-snippet:-1","max-image-preview":"max-image-preview:large","max-video-preview":"max-video-preview:-1"},"canonical":"https:\/\/www.worldheritageireland.ie\/ga\/news-and-events\/facilitator-appointed-to-lead-newly-established-bru-na-boinne-community-heritage-forum\/","og_locale":"ga_IE","og_type":"article","og_title":"Facilitator appointed to lead newly established Br\u00fa na B\u00f3inne Community Heritage Forum - Oidhreacht Dhomhanda na h\u00c9ireann","og_description":"To mark World heritage Day 2024 the National Monuments Service is announcing the establishment of a Br\u00fa na B\u00f3inne Community Heritage Forum with the appointment of Ms Mona O\u2019Rourke as lead facilitator for the project. The forum will enable the community to be more involved in making decisions about the management, presentation, interpretation and conservation of the site and will help them become stewards of this World Heritage property.","og_url":"https:\/\/www.worldheritageireland.ie\/ga\/news-and-events\/facilitator-appointed-to-lead-newly-established-bru-na-boinne-community-heritage-forum\/","og_site_name":"Oidhreacht Dhomhanda na h\u00c9ireann","article_publisher":"https:\/\/www.facebook.com\/NationalMons\/","article_modified_time":"2025-07-31T09:31:03+00:00","twitter_card":"summary_large_image","twitter_site":"@NationalMons","schema":{"@context":"https:\/\/schema.org","@graph":[{"@type":"WebPage","@id":"https:\/\/www.worldheritageireland.ie\/ga\/news-and-events\/facilitator-appointed-to-lead-newly-established-bru-na-boinne-community-heritage-forum\/","url":"https:\/\/www.worldheritageireland.ie\/ga\/news-and-events\/facilitator-appointed-to-lead-newly-established-bru-na-boinne-community-heritage-forum\/","name":"Facilitator appointed to lead newly established Br\u00fa na B\u00f3inne Community Heritage Forum - Oidhreacht Dhomhanda na h\u00c9ireann","isPartOf":{"@id":"https:\/\/www.worldheritageireland.ie\/ga\/#website"},"datePublished":"2024-04-18T16:12:00+00:00","dateModified":"2025-07-31T09:31:03+00:00","breadcrumb":{"@id":"https:\/\/www.worldheritageireland.ie\/ga\/news-and-events\/facilitator-appointed-to-lead-newly-established-bru-na-boinne-community-heritage-forum\/#breadcrumb"},"inLanguage":"ga-IE","potentialAction":[{"@type":"ReadAction","target":["https:\/\/www.worldheritageireland.ie\/ga\/news-and-events\/facilitator-appointed-to-lead-newly-established-bru-na-boinne-community-heritage-forum\/"]}]},{"@type":"BreadcrumbList","@id":"https:\/\/www.worldheritageireland.ie\/ga\/news-and-events\/facilitator-appointed-to-lead-newly-established-bru-na-boinne-community-heritage-forum\/#breadcrumb","itemListElement":[{"@type":"ListItem","position":1,"name":"Home","item":"https:\/\/www.worldheritageireland.ie\/ga\/"},{"@type":"ListItem","position":2,"name":"Facilitator appointed to lead newly established Br\u00fa na B\u00f3inne Community Heritage Forum"}]},{"@type":"WebSite","@id":"https:\/\/www.worldheritageireland.ie\/ga\/#website","url":"https:\/\/www.worldheritageireland.ie\/ga\/","name":"Oidhreacht Dhomhanda na h\u00c9ireann","description":"Ireland&#039;s Tentative World Heritage","publisher":{"@id":"https:\/\/www.worldheritageireland.ie\/ga\/#organization"},"potentialAction":[{"@type":"SearchAction","target":{"@type":"EntryPoint","urlTemplate":"https:\/\/www.worldheritageireland.ie\/ga\/?s={search_term_string}"},"query-input":{"@type":"PropertyValueSpecification","valueRequired":true,"valueName":"search_term_string"}}],"inLanguage":"ga-IE"},{"@type":"Organization","@id":"https:\/\/www.worldheritageireland.ie\/ga\/#organization","name":"Department of Housing, Local Government and Heritage","url":"https:\/\/www.worldheritageireland.ie\/ga\/","logo":{"@type":"ImageObject","inLanguage":"ga-IE","@id":"https:\/\/www.worldheritageireland.ie\/ga\/#\/schema\/logo\/image\/","url":"https:\/\/www.worldheritageireland.ie\/wp-content\/uploads\/2023\/07\/unesco_wh_in_Ireland_Blue_180_trans.png","contentUrl":"https:\/\/www.worldheritageireland.ie\/wp-content\/uploads\/2023\/07\/unesco_wh_in_Ireland_Blue_180_trans.png","width":181,"height":181,"caption":"Department of Housing, Local Government and Heritage"},"image":{"@id":"https:\/\/www.worldheritageireland.ie\/ga\/#\/schema\/logo\/image\/"},"sameAs":["https:\/\/www.facebook.com\/NationalMons\/","https:\/\/x.com\/NationalMons"]}]}},"spectra_custom_meta":{"_edit_lock":["1753954381:7"],"_wpml_word_count":["90"],"_uag_custom_page_level_css":[""],"ast-site-content-layout":["default"],"theme-transparent-header-meta":["default"],"stick-header-meta":[""],"_edit_last":["7"],"article_title_short":["Br\u00fa na B\u00f3inne Community Heritage Facilitator"],"_article_title_short":["field_627a1d5fb7192"],"article_title":["Facilitator appointed to lead newly established Br\u00fa na B\u00f3inne Community Heritage Forum"],"_article_title":["field_6273890bcde14"],"article_category":["news"],"_article_category":["field_628ca41c90027"],"news_text":["<div class=\"col-lg-12 col-md-12 col-sm-12 col-xs-12 margin-bottom-sm\">\r\n<div class=\"row\">\r\n\r\nTo mark World heritage Day 2024 the National Monuments Service is announcing the establishment of a Br\u00fa na B\u00f3inne Community Heritage Forum with the appointment of Ms Mona O\u2019Rourke as lead facilitator for the project. The forum will enable the community to be more involved in making decisions about the management, presentation, interpretation and conservation of the site and will help them become stewards of this World Heritage property.\r\n\r\n<\/div>\r\n<\/div>\r\n<div class=\"col-lg-12 col-md-12 col-sm-12 col-xs-12 margin-bottom-sm\">\r\n<div class=\"row\">\r\n\r\nSetting up a Community Heritage Forum is one of the key actions of the Br\u00fa na B\u00f3inne Management Plan and aligns with the upcoming Strategy for World Heritage in Ireland. This national strategy, which follows United Nations Educational, Scientific and Cultural Organization (UNESCO) principles, determines that communities should be centrally involved in World Heritage.\r\n\r\n<\/div>\r\n<\/div>\r\n<div class=\"col-lg-12 col-md-12 col-sm-12 col-xs-12 margin-bottom-sm\">\r\n<div class=\"row\">\r\n\r\nMichael MacDonagh, Chief Archaeologist at the National Monuments Service explained:\r\n\r\n<\/div>\r\n<\/div>\r\n<div class=\"col-lg-12 col-md-12 col-sm-12 col-xs-12 margin-bottom-xlg\">\r\n<div class=\"row\">\r\n<blockquote>\u201cThe Br\u00fa na B\u00f3inne Community Heritage Forum will be a place where people can share their opinions and ideas and hear updates on management plans, research proposals and protection measures.<\/blockquote>\r\n<\/div>\r\n<\/div>\r\n<div class=\"col-lg-12 col-md-12 col-sm-12 col-xs-12 margin-bottom-xlg\">\r\n<div class=\"row\">\r\n<blockquote>On this the International Day for Monuments and Sites which celebrates World Heritage, we affirm our commitment to working with the community which is so closely connected with Br\u00fa na B\u00f3inne, which was inscribed on the UNESCO World Heritage List almost 30 years ago.\u201d<\/blockquote>\r\n<\/div>\r\n<\/div>\r\n<div class=\"col-lg-12 col-md-12 col-sm-12 col-xs-12 margin-bottom-sm\">\r\n<div class=\"row\">\r\n\r\nNewly appointed Br\u00fa na B\u00f3inne Community Heritage Facilitator, Mona Rourke is currently holding a series of face-to-face sessions on World Heritage processes for interested members of the community and the first meeting of the forum is expected to be held in June:\r\n\r\n<\/div>\r\n<\/div>\r\n<div class=\"col-lg-12 col-md-12 col-sm-12 col-xs-12 margin-bottom-sm\">\r\n<div class=\"row\">\r\n\r\nOn her appointment Mona said:\r\n\r\n<\/div>\r\n<\/div>\r\n<div class=\"col-lg-12 col-md-12 col-sm-12 col-xs-12 margin-bottom-xlg\">\r\n<div class=\"row\">\r\n<blockquote>\u201cI am honoured to take up this new role at Br\u00fa na B\u00f3inne and am really looking forward to meeting as many people as possible from the local communities. I will be establishing a Community Forum with an agenda that will fully reflect their ideas and priorities.\u201d<\/blockquote>\r\n<\/div>\r\n<\/div>\r\n<div class=\"col-lg-12 col-md-12 col-sm-12 col-xs-12 margin-bottom-sm\">\r\n<div class=\"row\">\r\n\r\nAs well as working with the local communities, Mona will liaise with the National Monuments Service, the Office of Public Works, the National Parks and Wildlife Service, and Meath and Louth County Councils.\r\n\r\n<\/div>\r\n<\/div>\r\n<div class=\"col-lg-12 col-md-12 col-sm-12 col-xs-12 margin-bottom-xlg\">\r\n<div class=\"row\">\r\n\r\nMona is a heritage professional, experienced in research, conservation and management of cultural heritage and is particularly interested in working with communities to manage cultural heritage. She was previously involved in project that analysed ways to protect and manage Br\u00fa na B\u00f3inne.\r\n\r\n<\/div>\r\n<strong><span style=\"text-decoration: underline;\"><a href=\"https:\/\/www.worldheritageireland.ie\/wp-content\/uploads\/2024\/04\/Bru-na-Boinne-Community-Heritage-Forum-Privacy-Statement-Jan-2024.pdf\">Br\u00fa na B\u00f3inne Community Heritage Forum Privacy Statement Jan 2024<\/a><\/span><\/strong>\r\n\r\n<\/div>"],"_news_text":["field_6273890bcde55"],"article_image":["3398"],"_article_image":["field_6273890bcde93"],"_wpml_media_duplicate":["1"],"_wpml_media_featured":["1"],"_cmplz_scanned_post":["1"],"_cmplz_remote_scanned_post":["1"],"_uag_migration_processed":["1"],"cmplz_hide_cookiebanner":[""],"site-sidebar-layout":["default"],"site-content-style":["default"],"site-sidebar-style":["default"],"astra-migrate-meta-layouts":["set"],"_uag_css_file_name":["uag-css-3397.css"],"_uag_page_assets":["a:9:{s:3:\"css\";s:0:\"\";s:2:\"js\";s:0:\"\";s:18:\"current_block_list\";a:15:{i:0;s:11:\"core\/search\";i:1;s:10:\"core\/group\";i:2;s:12:\"core\/heading\";i:3;s:17:\"core\/latest-posts\";i:4;s:20:\"core\/latest-comments\";i:5;s:13:\"core\/archives\";i:6;s:15:\"core\/categories\";i:7;s:20:\"outermost\/icon-block\";i:8;s:12:\"core\/columns\";i:9;s:11:\"core\/column\";i:10;s:14:\"core\/paragraph\";i:11;s:9:\"core\/list\";i:12;s:14:\"core\/list-item\";i:13;s:20:\"nextend\/smartslider3\";i:14;s:10:\"core\/image\";}s:8:\"uag_flag\";b:0;s:11:\"uag_version\";s:10:\"1777473999\";s:6:\"gfonts\";a:0:{}s:10:\"gfonts_url\";s:0:\"\";s:12:\"gfonts_files\";a:0:{}s:14:\"uag_faq_layout\";b:0;}"]},"uagb_featured_image_src":[],"uagb_author_info":{"display_name":"Ross Waters","author_link":"https:\/\/www.worldheritageireland.ie\/ga\/author\/"},"uagb_comment_info":0,"uagb_excerpt":"To mark World heritage Day 2024 the National Monuments Service is announcing the establishment of a Br\u00fa na B\u00f3inne Community Heritage Forum with the appointment of Ms Mona O\u2019Rourke as lead facilitator for the project. The forum will enable the community to be more involved in making decisions about the management, presentation, interpretation and conservation&hellip;","_links":{"self":[{"href":"https:\/\/www.worldheritageireland.ie\/ga\/wp-json\/wp\/v2\/news-and-events\/3397","targetHints":{"allow":["GET"]}}],"collection":[{"href":"https:\/\/www.worldheritageireland.ie\/ga\/wp-json\/wp\/v2\/news-and-events"}],"about":[{"href":"https:\/\/www.worldheritageireland.ie\/ga\/wp-json\/wp\/v2\/types\/news-and-events"}],"wp:attachment":[{"href":"https:\/\/www.worldheritageireland.ie\/ga\/wp-json\/wp\/v2\/media?parent=3397"}],"wp:term":[{"taxonomy":"category","embeddable":true,"href":"https:\/\/www.worldheritageireland.ie\/ga\/wp-json\/wp\/v2\/categories?post=3397"},{"taxonomy":"post_tag","embeddable":true,"href":"https:\/\/www.worldheritageireland.ie\/ga\/wp-json\/wp\/v2\/tags?post=3397"}],"curies":[{"name":"wp","href":"https:\/\/api.w.org\/{rel}","templated":true}]}}